[{"@context":"https:\/\/schema.org\/","@type":"Article","@id":"https:\/\/www.zasekni.cz\/pes-k-narozeninam\/#Article","mainEntityOfPage":"https:\/\/www.zasekni.cz\/pes-k-narozeninam\/","headline":"Pes k narozenin\u00e1m","name":"Pes k narozenin\u00e1m","description":"Vyr\u016fstali jste s n\u011bjak\u00fdmi zv\u00ed\u0159aty? J\u00e1 ano, vyr\u016fstala jsem se slepicemi a s\u00a0kr\u00e1l\u00edky. I kdy\u017e jsem cel\u00fd \u017eivot, si v\u017edycky p\u0159\u00e1la m\u00edt psa anebo ko\u010dku, tak rodi\u010de ani prarodi\u010de mi to necht\u011bli nikdy dovolit. \u0158\u00edkali, \u017ee se psy a s\u00a0ko\u010dkami je to pr\u00fd velice n\u00e1ro\u010dn\u00e9, \u017ee psi pot\u0159ebuj\u00ed v\u00fdchovu. Tohle je naprosto logick\u00e9. Mysl\u00edm si, ... <a href=\"https:\/\/www.zasekni.cz\/pes-k-narozeninam\/\" class=\"more-link\">P\u0159e\u010d\u00edst<span class=\"screen-reader-text\"> \"Pes k narozenin\u00e1m\"<\/span> &raquo;<\/a>","datePublished":"2024-05-31","dateModified":"2024-05-31","author":{"@type":"Person","@id":"https:\/\/www.zasekni.cz\/author\/devene\/#Person","name":"devene","url":"https:\/\/www.zasekni.cz\/author\/devene\/","identifier":1,"image":{"@type":"ImageObject","@id":"https:\/\/secure.gravatar.com\/avatar\/9cac53ffad5d6e0659d72eaf216400c165f8fbf396c79017c66698a8aa5be23d?s=96&d=mm&r=g","url":"https:\/\/secure.gravatar.com\/avatar\/9cac53ffad5d6e0659d72eaf216400c165f8fbf396c79017c66698a8aa5be23d?s=96&d=mm&r=g","height":96,"width":96}},"publisher":{"@type":"Organization","name":"zasekni.cz","logo":{"@type":"ImageObject","@id":"\/logo.png","url":"\/logo.png","width":600,"height":60}},"image":{"@type":"ImageObject","@id":"https:\/\/www.zasekni.cz\/wp-content\/uploads\/maltese-1123016_1280.jpg","url":"https:\/\/www.zasekni.cz\/wp-content\/uploads\/maltese-1123016_1280.jpg","height":0,"width":0},"url":"https:\/\/www.zasekni.cz\/pes-k-narozeninam\/","about":["Zv\u00ed\u0159ata"],"wordCount":462,"articleBody":"Vyr\u016fstali jste s n\u011bjak\u00fdmi zv\u00ed\u0159aty? J\u00e1 ano, vyr\u016fstala jsem se slepicemi a s\u00a0kr\u00e1l\u00edky. I kdy\u017e jsem cel\u00fd \u017eivot, si v\u017edycky p\u0159\u00e1la m\u00edt psa anebo ko\u010dku, tak rodi\u010de ani prarodi\u010de mi to necht\u011bli nikdy dovolit. \u0158\u00edkali, \u017ee se psy a s\u00a0ko\u010dkami je to pr\u00fd velice n\u00e1ro\u010dn\u00e9, \u017ee psi pot\u0159ebuj\u00ed v\u00fdchovu. Tohle je naprosto logick\u00e9. Mysl\u00edm si, \u017ee nikdo by si nem\u011bl po\u0159izovat psa, kdy\u017e by na n\u011bj nem\u011bl v\u016fbec \u010das, kdy\u017e by necht\u011bl ps\u00e1t vycvi\u010dit. Proto je nejlep\u0161\u00ed, kdy\u017e si t\u0159eba po\u0159\u00edd\u00edte ko\u010dku. Tohle jsem takhle v\u016fbec nepochopila. Pro\u010d mi rodi\u010de nebo prarodi\u010de necht\u011bli po\u0159\u00eddit ko\u010dku, v\u017edy\u0165 ko\u010dka p\u0159eci \u017e\u00e1dnou v\u00fdchovu nepot\u0159ebuje. Ko\u010dka p\u0159eci \u017e\u00e1dn\u00fd v\u00fdcvik nepot\u0159ebuje, tak pro\u010d bychom nemohli m\u00edt doma ko\u010dku? A rodi\u010d\u016f a prarodi\u010d\u016f jsem se na to n\u011bkolikr\u00e1t ptala. Ko\u010dka p\u0159eci nen\u00ed agresivn\u00ed a nezakousne\u00a0t\u0159eba kr\u00e1l\u00edka \u010di husu nebo slepici. Tak nev\u00edm jak to rodi\u010de a prarodi\u010de je mysleli, \u017ee by n\u00e1m nepo\u0159\u00eddili ani ko\u010dku. Z toho jsem byla opravdu velice ne\u0161\u0165astn\u00e1, ale co jsem m\u011bla d\u011blat? Samoz\u0159ejm\u011b, \u017ee jsem s t\u00edm nic ud\u011blat nemohla, proto\u017ee v t\u00e9 dob\u011b jsem byla \u0161estilet\u00e1 mal\u00e1 holka. Opravdu hodn\u011b jsem si p\u0159\u00e1la ko\u010dku nebo psa, ale bohu\u017eel jsem v\u017edycky nalet\u011bla. Tvrd\u011b jsem narazila, nakonec mi rodi\u010de po\u0159\u00eddili akor\u00e1t k\u0159e\u010dka a mor\u010de.Z toho jsem jednodu\u0161e \u0161\u0165astn\u00e1 nebyla. Cht\u011bla jsem m\u00edt psa. Psa jsem si po\u0159\u00eddila a\u017e ke sv\u00fdm patn\u00e1ctin\u00e1m. Rodi\u010de z toho v\u016fbec nebyli nad\u0161en\u00ed ani prarodi\u010de\u00a0ne. Byla jsem opravdu na\u0161tvan\u00e1, \u017ee m\u00e9 \u0161t\u011bst\u00ed a mou radost nesd\u00edl\u00ed i m\u00ed\u00a0rodi\u010de a rodi\u010de. Byla jsem na n\u011b\u00a0na\u0161tvan\u00e1 asi m\u011bs\u00edc. Nakonec to ale dopadlo tak, \u017ee rodi\u010de i prarodi\u010de si m\u00e9 nov\u00e9 \u0161t\u011bn\u011b opravdu hodn\u011b obl\u00edbili. Dokonce jsme se tak\u00e9 potom h\u00e1dali, s k\u00fdm pes bude sp\u00e1t. Ve v\u011bt\u0161in\u011b p\u0159\u00edpad\u016f m\u016fj pes spal se mnou. To jsem v\u016fbec necht\u011bla dopustit, aby m\u016fj pes spal s n\u011bk\u00fdm jin\u00fdm. Nav\u00edc m\u016fj pes byl opravdu chytr\u00fd a mn\u011b si\u00a0tak zamiloval, \u017ee m\u016fj pes necht\u011bl ani k nikomu jin\u00e9mu j\u00edt. Ale kdy\u017e n\u011bkdo mu nab\u00eddl j\u00eddlo, tak to si samoz\u0159ejm\u011b moc s chut\u00ed\u00a0vzal.\u00a0                                                                                                                                                                                                                                                                                                                                                                                                "},{"@context":"https:\/\/schema.org\/","@type":"BreadcrumbList","itemListElement":[{"@type":"ListItem","position":1,"name":"Pes k narozenin\u00e1m","item":"https:\/\/www.zasekni.cz\/pes-k-narozeninam\/#breadcrumbitem"}]}]