[{"@context":"https:\/\/schema.org\/","@type":"Article","@id":"https:\/\/www.zasekni.cz\/o-vlaky-metra-se-bude-starat-skoda-transportation\/#Article","mainEntityOfPage":"https:\/\/www.zasekni.cz\/o-vlaky-metra-se-bude-starat-skoda-transportation\/","headline":"O vlaky metra se bude starat \u0160koda Transportation","name":"O vlaky metra se bude starat \u0160koda Transportation","description":"&nbsp; &bull;&nbsp;&nbsp;&nbsp;&nbsp;&nbsp;&nbsp;&nbsp;&nbsp; Dopravn\u00ed podnik uzav\u0159el novou smlouvu Na konci lo\u0148sk\u00e9ho roku m\u00e9dii prob\u011bhla zpr\u00e1va o nov\u00e9 smlouv\u011b mezi Dopravn\u00edm podnikem hlavn\u00edho m\u011bsta Prahy a \u0160kodou Transportation. Na z\u00e1klad\u011b t\u00e9to smlouvy se \u0160koda bude kompletn\u011b starat o \u00fadr\u017ebu zrekonstruovan\u00fdch vlakov\u00fdch souprav pra\u017esk\u00e9ho metra, konkr\u00e9tn\u011b se jedn\u00e1 o modely typu \u0160koda 81-71M. Tyto soupravy jezd\u00ed na tras\u00e1ch ... <a href=\"https:\/\/www.zasekni.cz\/o-vlaky-metra-se-bude-starat-skoda-transportation\/\" class=\"more-link\">P\u0159e\u010d\u00edst<span class=\"screen-reader-text\"> \"O vlaky metra se bude starat \u0160koda Transportation\"<\/span> &raquo;<\/a>","datePublished":"2020-01-18","dateModified":"2023-06-12","author":{"@type":"Person","@id":"https:\/\/www.zasekni.cz\/author\/devene\/#Person","name":"devene","url":"https:\/\/www.zasekni.cz\/author\/devene\/","identifier":1,"image":{"@type":"ImageObject","@id":"https:\/\/secure.gravatar.com\/avatar\/9cac53ffad5d6e0659d72eaf216400c165f8fbf396c79017c66698a8aa5be23d?s=96&d=mm&r=g","url":"https:\/\/secure.gravatar.com\/avatar\/9cac53ffad5d6e0659d72eaf216400c165f8fbf396c79017c66698a8aa5be23d?s=96&d=mm&r=g","height":96,"width":96}},"publisher":{"@type":"Organization","name":"zasekni.cz","logo":{"@type":"ImageObject","@id":"\/logo.png","url":"\/logo.png","width":600,"height":60}},"image":{"@type":"ImageObject","@id":"https:\/\/www.zasekni.cz\/wp-content\/uploads\/img_a367979_w4414_t1580366147.jpg","url":"https:\/\/www.zasekni.cz\/wp-content\/uploads\/img_a367979_w4414_t1580366147.jpg","height":0,"width":0},"url":"https:\/\/www.zasekni.cz\/o-vlaky-metra-se-bude-starat-skoda-transportation\/","about":["Byznys"],"wordCount":458,"articleBody":"&nbsp; &bull;&nbsp;&nbsp;&nbsp;&nbsp;&nbsp;&nbsp;&nbsp;&nbsp; Dopravn\u00ed podnik uzav\u0159el novou smlouvuNa konci lo\u0148sk\u00e9ho roku m\u00e9dii prob\u011bhla zpr\u00e1va o nov\u00e9 smlouv\u011b mezi Dopravn\u00edm podnikem hlavn\u00edho m\u011bsta Prahy a \u0160kodou Transportation. Na z\u00e1klad\u011b t\u00e9to smlouvy se \u0160koda bude kompletn\u011b starat o \u00fadr\u017ebu zrekonstruovan\u00fdch vlakov\u00fdch souprav pra\u017esk\u00e9ho metra, konkr\u00e9tn\u011b se jedn\u00e1 o modely typu \u0160koda 81-71M. Tyto soupravy jezd\u00ed na tras\u00e1ch A a B a pro dopravn\u00ed podnik m\u00e1 uveden\u00e1 smlouva zajistit prodlou\u017een\u00ed jejich \u017eivotnosti o dal\u0161\u00edch minim\u00e1ln\u011b patn\u00e1ct let. Kontrakt je dle dostupn\u00fdch informac\u00ed v hodnot\u011b patn\u00e1cti miliard korun \u010desk\u00fdch.&bull;&nbsp;&nbsp;&nbsp;&nbsp;&nbsp;&nbsp;&nbsp;&nbsp; Platnost a cenaUveden\u00e1 nov\u00e1 smlouva vznikla v n\u00e1vaznosti na kontrakt, jeho\u017e platnost vypr\u0161\u00ed 15.12.2020. P\u0159edstavenstvo DPP ji schv\u00e1lilo na sv\u00e9m setk\u00e1n\u00ed t\u011bsn\u011b p\u0159ed V\u00e1noci lo\u0148sk\u00e9ho roku. Nov\u00e1 dohoda o kompletn\u00ed servisu zm\u00edn\u011bn\u00fdch souprav \u0160koda 81-71M je pak sjedn\u00e1na a\u017e do 31.12.2035. P\u016fvodn\u00ed cenov\u00fd n\u00e1vrh na tento servis byl v\u0161ak je\u0161t\u011b vy\u0161\u0161\u00ed, ne\u017e je celkov\u00e1 v\u00fdsledn\u00e1 sjednan\u00e1 cena. Celkov\u00e1 \u010d\u00e1stka \u010din\u00ed 14,587 miliard korun, zat\u00edmco v p\u016fvodn\u00edm n\u00e1vrhu byla \u010d\u00e1stka 15,097 miliard korun.&bull;&nbsp;&nbsp;&nbsp;&nbsp;&nbsp;&nbsp;&nbsp;&nbsp; Aktu\u00e1ln\u00ed situaceMoment\u00e1ln\u011b v pra\u017esk\u00e9m metru jezd\u00ed na zmi\u0148ovan\u00fdch tras\u00e1ch 93 souprav uveden\u00e9ho typu. Od uveden\u00ed do provozu po proveden\u00e9 rekonstrukci maj\u00ed najeto p\u0159ibli\u017en\u011b 555 tis\u00edc kilometru. Posledn\u00ed vlak byl uveden po oprav\u011b do provozu v roce 2011.&bull;&nbsp;&nbsp;&nbsp;&nbsp;&nbsp;&nbsp;&nbsp;&nbsp; Del\u0161\u00ed \u017eivotnostSmlouva nevznikla na z\u00e1klad\u011b kr\u00e1tkodob\u00e9ho vzplanut\u00ed sympati\u00ed, ale je v\u00fdsledkem celoro\u010dn\u00edho jedn\u00e1n\u00ed mezi uveden\u00fdmi firmami. Jak bylo zm\u00edn\u011bno, hlavn\u00edm c\u00edlem je udr\u017een\u00ed vlak\u016f v provozu a prodlou\u017een\u00ed jejich \u017eivotnosti, co\u017e se d\u00edky kompletn\u00ed p\u00e9\u010di firmy \u0160koda povede, dle odhad\u016f, a\u017e o patn\u00e1ct let.&bull;&nbsp;&nbsp;&nbsp;&nbsp;&nbsp;&nbsp;&nbsp;&nbsp; V\u00fdb\u011brov\u00e9 \u0159\u00edzen\u00edDopravn\u00ed podnik nevypsal ve\u0159ejn\u011b v\u00fdb\u011brov\u00e9 \u0159\u00edzen\u00ed pro extern\u00ed z\u00e1jemce, ale zak\u00e1zka byla vyps\u00e1na prost\u0159ednictv\u00edm osloven\u00ed jedn\u00e9 konkr\u00e9tn\u00ed firmy. Vzhledem k tomu, \u017ee \u0160koda Transportation je i v\u00fdrobcem t\u011bchto vlakov\u00fdch souprav pro pou\u017eit\u00ed v metru, tedy m\u00e1 i vlastn\u00ed pr\u00e1va na jejich dokumentaci, mohlo b\u00fdt takov\u00e9 rozhodnut\u00ed u\u010din\u011bno a bylo logick\u00e9. Z\u00e1kon o zad\u00e1v\u00e1n\u00ed ve\u0159ejn\u00fdch zak\u00e1zek nebyl poru\u0161en, nebo\u0165 spole\u010dnost je z\u00e1rove\u0148 jedin\u00fdm mo\u017en\u00fdm dodavatelem \u00fadr\u017eby t\u011bchto voz\u016f.                                                                                                                                                                                                                                                                                                                                                                                                "},{"@context":"https:\/\/schema.org\/","@type":"BreadcrumbList","itemListElement":[{"@type":"ListItem","position":1,"name":"O vlaky metra se bude starat \u0160koda Transportation","item":"https:\/\/www.zasekni.cz\/o-vlaky-metra-se-bude-starat-skoda-transportation\/#breadcrumbitem"}]}]