[{"@context":"https:\/\/schema.org\/","@type":"Article","@id":"https:\/\/www.zasekni.cz\/moje-elektrokolobezka\/#Article","mainEntityOfPage":"https:\/\/www.zasekni.cz\/moje-elektrokolobezka\/","headline":"Moje elektrokolob\u011b\u017eka","name":"Moje elektrokolob\u011b\u017eka","description":"\u0158\u00edk\u00e1m si, \u017ee kdybych se nezaj\u00edmala o\u00a0elektro, tak nem\u00e1m asi ani\u00a0elektrokolob\u011b\u017eku. Mus\u00edm \u0159\u00edct, \u017ee v posledn\u00edch letech jsem si velice obl\u00edbila\u00a0elektrokolob\u011b\u017eku, proto\u017ee mi opravdu pln\u011b nahrazuje jak kolo, tak taky automobil. A taky mus\u00edm ale \u0159\u00edct, \u017ee rad\u011bji bych dala p\u0159ednost automobilu. Jenom\u017ee ze zdravotn\u00edch d\u016fvod\u016f nem\u016f\u017eu m\u00edt bohu\u017eel automobil, tak\u017ee se mus\u00edme spokojit pouze ... <a href=\"https:\/\/www.zasekni.cz\/moje-elektrokolobezka\/\" class=\"more-link\">P\u0159e\u010d\u00edst<span class=\"screen-reader-text\"> \"Moje elektrokolob\u011b\u017eka\"<\/span> &raquo;<\/a>","datePublished":"2023-03-07","dateModified":"2023-06-12","author":{"@type":"Person","@id":"https:\/\/www.zasekni.cz\/author\/devene\/#Person","name":"devene","url":"https:\/\/www.zasekni.cz\/author\/devene\/","identifier":1,"image":{"@type":"ImageObject","@id":"https:\/\/secure.gravatar.com\/avatar\/9cac53ffad5d6e0659d72eaf216400c165f8fbf396c79017c66698a8aa5be23d?s=96&d=mm&r=g","url":"https:\/\/secure.gravatar.com\/avatar\/9cac53ffad5d6e0659d72eaf216400c165f8fbf396c79017c66698a8aa5be23d?s=96&d=mm&r=g","height":96,"width":96}},"publisher":{"@type":"Organization","name":"zasekni.cz","logo":{"@type":"ImageObject","@id":"\/logo.png","url":"\/logo.png","width":600,"height":60}},"image":{"@type":"ImageObject","@id":"https:\/\/www.zasekni.cz\/wp-content\/uploads\/frog-2101607_960_720.jpg","url":"https:\/\/www.zasekni.cz\/wp-content\/uploads\/frog-2101607_960_720.jpg","height":0,"width":0},"url":"https:\/\/www.zasekni.cz\/moje-elektrokolobezka\/","about":["Elektro"],"wordCount":393,"articleBody":"\u0158\u00edk\u00e1m si, \u017ee kdybych se nezaj\u00edmala o\u00a0elektro, tak nem\u00e1m asi ani\u00a0elektrokolob\u011b\u017eku. Mus\u00edm \u0159\u00edct, \u017ee v posledn\u00edch letech jsem si velice obl\u00edbila\u00a0elektrokolob\u011b\u017eku, proto\u017ee mi opravdu pln\u011b nahrazuje jak kolo, tak taky automobil. A taky mus\u00edm ale \u0159\u00edct, \u017ee rad\u011bji bych dala p\u0159ednost automobilu. Jenom\u017ee ze zdravotn\u00edch d\u016fvod\u016f nem\u016f\u017eu m\u00edt bohu\u017eel automobil, tak\u017ee se mus\u00edme spokojit pouze s\u00a0elektrokolob\u011b\u017ekou. M\u011b tohle tak moc nevad\u00ed, proto\u017ee jsem si \u0159ekla, \u017ee je lep\u0161\u00ed m\u00edt alespo\u0148 n\u011bco, ne\u017e abych nem\u011bla nic. Tak\u017ee jsem opravdu vd\u011b\u010dn\u00e1, \u017ee m\u016f\u017eu m\u00edt alespo\u0148\u00a0elektrokolob\u011b\u017eku. A taky podle m\u00e9ho n\u00e1zoru je\u00a0elektrokolob\u011b\u017eka\u00a0opravdu hodn\u011b pokro\u010dil\u00e1. Mysl\u00edm si, \u017ee je to asi posledn\u00edch letech nejlep\u0161\u00ed\u00a0elektro\u00a0v\u00fdrobek. Tak\u017ee jsem vd\u011b\u010dn\u00e1 v\u0161em t\u011bm lidem, kte\u0159\u00ed se na v\u00fdrob\u011b\u00a0elektrokolob\u011b\u017eky\u00a0pod\u00edleli Akor\u00e1t je \u0161koda, \u017ee na t\u00e9to\u00a0elektrokolob\u011b\u017ece\u00a0nem\u016f\u017eou jezdit dva lid\u00e9. J\u00e1 m\u00e1m toti\u017e mal\u00e9ho syna, kter\u00fd je\u0161t\u011b neum\u00ed jezdit s\u00e1m na\u00a0elektrokolob\u011b\u017ece\u00a0ani na kole, tak\u017ee ho mus\u00edm vozit s sebou taky na\u00a0elektrokolob\u011b\u017ece. A mus\u00edm \u0159\u00edct, \u017ee abychom se tam ve\u0161li oba dva, tak se mus\u00edme opravdu hodn\u011b krotit a mus\u00edme se spokojit s m\u00e1lo m\u00edstem. Jenom\u017ee mn\u011b to nevad\u00ed. Proto\u017ee to m\u00e1me jenom na p\u0159ejezd z vesnice do m\u011bsta, co\u017e n\u00e1m zabere asi deset minut, tak\u017ee deset minut se vydr\u017e\u00edme ma\u010dkat na\u00a0elektrokolob\u011b\u017ece. A m\u00e1te taky\u00a0elektrokolob\u011b\u017eku? Pokud ano, tak v\u011b\u0159\u00edm, \u017ee s n\u00ed jste velice spokojen\u00ed, jinak byste\u00a0elektrokolob\u011b\u017eku\u00a0ani nem\u011bli nebo byste o n\u00ed ani v\u016fbec neuva\u017eovali. J\u00e1 jsem si po\u0159\u00eddila u\u017e takovou lep\u0161\u00ed\u00a0elektrokolob\u011b\u017eku, se kterou mohu jezdit taky po hor\u0161\u00edm ter\u00e9nu, tak\u017ee\u00a0elektrokolob\u011b\u017eka m\u00e1 opravdu \u0161irok\u00e1 a pevn\u00e1 kola, tak\u017ee se nemus\u00edm b\u00e1t, \u017ee bych n\u011bkde lehce p\u00edchla. Nav\u00edc jsme r\u00e1da, \u017ee taky\u00a0elektrokolob\u011b\u017eka\u00a0v\u016fbec\u00a0nezabere\u00a0moc m\u00edsta taky jej\u00ed provoz nestoj\u00ed moc pen\u011bz. Ale zase mus\u00edte db\u00e1t na to, abyste elektrokolob\u011b\u017eku spr\u00e1vn\u011b dob\u00edjeli.                                                                                                                                                                                                                                                                                                                                                                                                "},{"@context":"https:\/\/schema.org\/","@type":"BreadcrumbList","itemListElement":[{"@type":"ListItem","position":1,"name":"Moje elektrokolob\u011b\u017eka","item":"https:\/\/www.zasekni.cz\/moje-elektrokolobezka\/#breadcrumbitem"}]}]